{"id":3121,"date":"2009-10-24T09:15:27","date_gmt":"2009-10-24T07:15:27","guid":{"rendered":"http:\/\/dahlenett.org\/?p=3121"},"modified":"2020-05-28T07:31:48","modified_gmt":"2020-05-28T05:31:48","slug":"fargetia-har-starta","status":"publish","type":"post","link":"https:\/\/www.blix-dahle.no\/?p=3121","title":{"rendered":"&laquo;Fargetia&raquo; har starta&#8230;"},"content":{"rendered":"<p>I dag va f\u00f8rste morran kor man la merke tell at &laquo;fargetia&raquo; har kr\u00f8pet innp\u00e5 oss. Det e med glede \u00e6 tar i mot denna tia p\u00e5 \u00e5ret. Lite lys, masse farge, kontrasta og nyansa\u00a0 \ud83d\ude42<img loading=\"lazy\" decoding=\"async\" class=\"alignleft size-full wp-image-3122\" title=\"IMG_0716\" src=\"https:\/\/www.blix-dahle.no\/wp-content\/uploads\/2009\/10\/IMG_0716.jpg\" alt=\"IMG_0716\" width=\"590\" height=\"393\" \/><\/p>\n<div id=\"attachment_3124\" style=\"width: 590px\" class=\"wp-caption alignleft\"><img loading=\"lazy\" decoding=\"async\" aria-describedby=\"caption-attachment-3124\" class=\"size-full wp-image-3124\" title=\"IMG_0714\" src=\"https:\/\/www.blix-dahle.no\/wp-content\/uploads\/2009\/10\/IMG_0714.jpg\" alt=\"Man skimte s\u00e5vidt verandaen som vise at detta e utsikten derfra\" width=\"590\" height=\"393\" \/><p id=\"caption-attachment-3124\" class=\"wp-caption-text\">Man skimte s\u00e5vidt verandaen som vise at detta e utsikten derfra<\/p><\/div>\n","protected":false},"excerpt":{"rendered":"<p>I dag va f\u00f8rste morran kor man la merke tell at &laquo;fargetia&raquo; har kr\u00f8pet innp\u00e5 oss. Det e med glede \u00e6 tar i mot denna tia p\u00e5 \u00e5ret. Lite lys, masse farge, kontrasta og nyansa\u00a0 \ud83d\ude42<\/p>\n","protected":false},"author":2,"featured_media":3122,"comment_status":"open","ping_status":"open","sticky":false,"template":"","format":"standard","meta":{"ngg_post_thumbnail":0,"footnotes":""},"categories":[3,12,23,35],"tags":[],"class_list":["post-3121","post","type-post","status-publish","format-standard","has-post-thumbnail","hentry","category-andya","category-himmel","category-lysvariasjona","category-soloppgang","item-wrap"],"_links":{"self":[{"href":"https:\/\/www.blix-dahle.no\/index.php?rest_route=\/wp\/v2\/posts\/3121","targetHints":{"allow":["GET"]}}],"collection":[{"href":"https:\/\/www.blix-dahle.no\/index.php?rest_route=\/wp\/v2\/posts"}],"about":[{"href":"https:\/\/www.blix-dahle.no\/index.php?rest_route=\/wp\/v2\/types\/post"}],"author":[{"embeddable":true,"href":"https:\/\/www.blix-dahle.no\/index.php?rest_route=\/wp\/v2\/users\/2"}],"replies":[{"embeddable":true,"href":"https:\/\/www.blix-dahle.no\/index.php?rest_route=%2Fwp%2Fv2%2Fcomments&post=3121"}],"version-history":[{"count":4,"href":"https:\/\/www.blix-dahle.no\/index.php?rest_route=\/wp\/v2\/posts\/3121\/revisions"}],"predecessor-version":[{"id":16995,"href":"https:\/\/www.blix-dahle.no\/index.php?rest_route=\/wp\/v2\/posts\/3121\/revisions\/16995"}],"wp:featuredmedia":[{"embeddable":true,"href":"https:\/\/www.blix-dahle.no\/index.php?rest_route=\/wp\/v2\/media\/3122"}],"wp:attachment":[{"href":"https:\/\/www.blix-dahle.no\/index.php?rest_route=%2Fwp%2Fv2%2Fmedia&parent=3121"}],"wp:term":[{"taxonomy":"category","embeddable":true,"href":"https:\/\/www.blix-dahle.no\/index.php?rest_route=%2Fwp%2Fv2%2Fcategories&post=3121"},{"taxonomy":"post_tag","embeddable":true,"href":"https:\/\/www.blix-dahle.no\/index.php?rest_route=%2Fwp%2Fv2%2Ftags&post=3121"}],"curies":[{"name":"wp","href":"https:\/\/api.w.org\/{rel}","templated":true}]}}